{"id":656,"date":"2024-10-13T23:27:25","date_gmt":"2024-10-14T03:27:25","guid":{"rendered":"https:\/\/arboladourbano.com\/notas\/?p=656"},"modified":"2024-10-14T21:01:44","modified_gmt":"2024-10-15T01:01:44","slug":"manzano-del-monte-ruprechtia-apetala","status":"publish","type":"post","link":"https:\/\/arboladourbano.com\/notas\/manzano-del-monte-ruprechtia-apetala\/","title":{"rendered":"Manzano del monte &#8211; Ruprechtia apetala"},"content":{"rendered":"\n<pre class=\"wp-block-preformatted has-background\" style=\"background:linear-gradient(146deg,rgb(250,250,250) 1%,rgb(224,243,240) 100%);font-size:14px\">Durante el a\u00f1o 2023, junto a mi colega y amiga <a href=\"https:\/\/valeriamicou.com.ar\/\" data-type=\"link\" data-id=\"https:\/\/valeriamicou.com.ar\/\" target=\"_blank\" rel=\"noreferrer noopener\">Vale Micou<\/a>, enviamos <a href=\"https:\/\/valeriamicou.wordpress.com\/calendario-2023\/\" data-type=\"link\" data-id=\"https:\/\/valeriamicou.wordpress.com\/calendario-2023\/\" target=\"_blank\" rel=\"noreferrer noopener\">un newsletter mensual <\/a>que ten\u00eda como eje un \u00e1rbol distinto en cada entrega. La especie de la que hablar\u00edamos cada mes ven\u00eda dada por los fabulosos calendarios dise\u00f1ados bajo el proyecto <a href=\"https:\/\/www.instagram.com\/silvestre.jardin\/\" data-type=\"link\" data-id=\"https:\/\/www.instagram.com\/silvestre.jardin\/\" target=\"_blank\" rel=\"noreferrer noopener\">Silvestre Jard\u00edn<\/a>. El siguiente es un fragmento adaptado de esos textos colaborativos. <br><br>Correo de abril 2023.<\/pre>\n\n\n\n<p><em>Ruprechtia apetala<\/em>, antes conocido como <em>Ruprechtia corylifolia<\/em>, es un \u00e1rbol peque\u00f1o de hasta diez metros de altura que crece en terrenos monta\u00f1osos, en laderas c\u00e1lidas y asoleadas. En Argentina lo hace en el Chaco serrano presente en las provincias de C\u00f3rdoba, San Luis, La Rioja, Catamarca, Tucum\u00e1n, Santiago del Estero, Salta y Jujuy. Su nombre com\u00fan proviene del parecido de sus hojas con las del manzano com\u00fan, aunque bot\u00e1nicamente no est\u00e9n emparentados. Es un \u00e1rbol diclino dioico, esto significa que sus flores son unisexuales (femeninas o masculinas) y que se hallan en plantas distintas. Es decir, existen \u00e1rboles pie femenino y pie masculino. <\/p>\n\n\n<div class=\"wp-block-image is-style-default\">\n<figure data-wp-context=\"{&quot;imageId&quot;:&quot;69f38b373ec9e&quot;}\" data-wp-interactive=\"core\/image\" class=\"aligncenter size-large wp-lightbox-container\"><img loading=\"lazy\" decoding=\"async\" width=\"725\" height=\"1024\" data-wp-class--hide=\"state.isContentHidden\" data-wp-class--show=\"state.isContentVisible\" data-wp-init=\"callbacks.setButtonStyles\" data-wp-on-async--click=\"actions.showLightbox\" data-wp-on-async--load=\"callbacks.setButtonStyles\" data-wp-on-async-window--resize=\"callbacks.setButtonStyles\" src=\"https:\/\/arboladourbano.com\/notas\/wp-content\/uploads\/2024\/10\/ruprechtia-apetala-manzano-de-monte-silvestre-calendario-725x1024.jpg\" alt=\"Ilustraci\u00f3n del Calendario Silvestre 2023\" class=\"wp-image-659\" srcset=\"https:\/\/arboladourbano.com\/notas\/wp-content\/uploads\/2024\/10\/ruprechtia-apetala-manzano-de-monte-silvestre-calendario-725x1024.jpg 725w, https:\/\/arboladourbano.com\/notas\/wp-content\/uploads\/2024\/10\/ruprechtia-apetala-manzano-de-monte-silvestre-calendario-212x300.jpg 212w, https:\/\/arboladourbano.com\/notas\/wp-content\/uploads\/2024\/10\/ruprechtia-apetala-manzano-de-monte-silvestre-calendario-768x1085.jpg 768w, https:\/\/arboladourbano.com\/notas\/wp-content\/uploads\/2024\/10\/ruprechtia-apetala-manzano-de-monte-silvestre-calendario-1087x1536.jpg 1087w, https:\/\/arboladourbano.com\/notas\/wp-content\/uploads\/2024\/10\/ruprechtia-apetala-manzano-de-monte-silvestre-calendario.jpg 1128w\" sizes=\"auto, (max-width: 725px) 100vw, 725px\" \/><button\n\t\t\tclass=\"lightbox-trigger\"\n\t\t\ttype=\"button\"\n\t\t\taria-haspopup=\"dialog\"\n\t\t\taria-label=\"Agrandar\"\n\t\t\tdata-wp-init=\"callbacks.initTriggerButton\"\n\t\t\tdata-wp-on-async--click=\"actions.showLightbox\"\n\t\t\tdata-wp-style--right=\"state.imageButtonRight\"\n\t\t\tdata-wp-style--top=\"state.imageButtonTop\"\n\t\t>\n\t\t\t<svg xmlns=\"http:\/\/www.w3.org\/2000\/svg\" width=\"12\" height=\"12\" fill=\"none\" viewBox=\"0 0 12 12\">\n\t\t\t\t<path fill=\"#fff\" d=\"M2 0a2 2 0 0 0-2 2v2h1.5V2a.5.5 0 0 1 .5-.5h2V0H2Zm2 10.5H2a.5.5 0 0 1-.5-.5V8H0v2a2 2 0 0 0 2 2h2v-1.5ZM8 12v-1.5h2a.5.5 0 0 0 .5-.5V8H12v2a2 2 0 0 1-2 2H8Zm2-12a2 2 0 0 1 2 2v2h-1.5V2a.5.5 0 0 0-.5-.5H8V0h2Z\" \/>\n\t\t\t<\/svg>\n\t\t<\/button><figcaption class=\"wp-element-caption\">Imagen del Calendario Silvestre para abril del 2023<\/figcaption><\/figure><\/div>\n\n\n<p>Al ver que en abril arrancar\u00edamos con <em>Ruprechtia apetala<\/em>, me dio curiosidad saber si habr\u00eda alg\u00fan ejemplar en la Ciudad de Buenos Aires. Busqu\u00e9 en el mapa de Arbolado urbano y no encontr\u00e9 ninguno. Por suerte, un amigo inspector de arbolado y con un tremendo registro mental de ubicaci\u00f3n de \u00e1rboles me mencion\u00f3 que hab\u00eda visto uno en el <a href=\"https:\/\/www.agro.uba.ar\/catedras\/botanica_sistematica\/botanico\" target=\"_blank\" rel=\"noreferrer noopener\">Jard\u00edn Bot\u00e1nico &#8220;Lucien Hauman&#8221;<\/a> que se encuentra en la Facultad de Agronom\u00eda de la UBA.<\/p>\n\n\n\n<p>Le avis\u00e9 a Vale, pusimos un d\u00eda, fuimos, \u00a1y lo encontramos!<sup data-fn=\"7896ebe3-ffb2-4373-8ab4-929e9ec3f37f\" class=\"fn\"><a href=\"#7896ebe3-ffb2-4373-8ab4-929e9ec3f37f\" id=\"7896ebe3-ffb2-4373-8ab4-929e9ec3f37f-link\">1<\/a><\/sup><\/p>\n\n\n\n<p>Pero, no fue tan simple. Cuando llegamos al ejemplar, \u00a1el cartel mostraba otro nombre! Esto es algo habitual ya que muchas especies van recibiendo distintos nombres en funci\u00f3n del conocimiento bot\u00e1nico que se va generando sobre las mismas. Es as\u00ed que encontramos a nuestro supuesto Manzano del campo bajo: <em>Ruprechtia corylifolia<\/em>.<\/p>\n\n\n\n<figure class=\"wp-block-image size-full\"><img loading=\"lazy\" decoding=\"async\" width=\"1920\" height=\"2560\" src=\"https:\/\/arboladourbano.com\/notas\/wp-content\/uploads\/2024\/10\/IMG_3089-scaled.jpg\" alt=\"\" class=\"wp-image-668\" style=\"aspect-ratio:3\/2;object-fit:cover\" srcset=\"https:\/\/arboladourbano.com\/notas\/wp-content\/uploads\/2024\/10\/IMG_3089-scaled.jpg 1920w, https:\/\/arboladourbano.com\/notas\/wp-content\/uploads\/2024\/10\/IMG_3089-225x300.jpg 225w, https:\/\/arboladourbano.com\/notas\/wp-content\/uploads\/2024\/10\/IMG_3089-768x1024.jpg 768w, https:\/\/arboladourbano.com\/notas\/wp-content\/uploads\/2024\/10\/IMG_3089-1152x1536.jpg 1152w, https:\/\/arboladourbano.com\/notas\/wp-content\/uploads\/2024\/10\/IMG_3089-1536x2048.jpg 1536w\" sizes=\"auto, (max-width: 1920px) 100vw, 1920px\" \/><figcaption class=\"wp-element-caption\">Este es el cartel que encontramos en el Jard\u00edn Bot\u00e1nico &#8220;<a href=\"https:\/\/www.agro.uba.ar\/catedras\/botanica_sistematica\/botanico\" target=\"_blank\" rel=\"noreferrer noopener\">Lucien Hauman<\/a>&#8220;.<\/figcaption><\/figure>\n\n\n\n<p>Tambi\u00e9n nos llevamos una sorpresa que nos hizo dudar sobre si efectivamente hab\u00edamos dado con la especie: Las flores no eran rosadas sino blancas. Vale entr\u00f3 en p\u00e1nico al pensar que la especie del calendario (\u00a1que ya estaba impreso y en venta!) no era la correcta, pero al hacer m\u00faltiples b\u00fasquedas en varios sitios de bot\u00e1nica reconocidos encontr\u00e1bamos ejemplares con flores rosadas y otros con flores blancas. Esto afirmaba la idea de que este s\u00ed pod\u00eda ser un ejemplar de <em>R. apetala<\/em>.<\/p>\n\n\n\n<p>Por fin, luego de unos d\u00edas encontramos el dato que resolv\u00eda todo. \u00a1El color de la flor es diferente en ejemplares femeninos y masculinos! Y en este caso, nos hab\u00edamos encontrado con un ejemplar pie masculino.<\/p>\n\n\n\n<p>Con todo esto en vista dimos un paso m\u00e1s y finalmente sumamos el ejemplar al mapa colaborativo para que la pr\u00f3xima vez que alguien se haga la pregunta: \u00bfhabr\u00e1 alg\u00fan ejemplar de esta especie cerca?, pueda encontrarla. Pod\u00e9s ver su ubicaci\u00f3n en <a href=\"https:\/\/www.arboladourbano.com\/especie\/ruprechtia-apetala\" target=\"_blank\" rel=\"noreferrer noopener\">este enlace<\/a>.<\/p>\n\n\n\n<p>Si conoc\u00e9s la ubicaci\u00f3n de otros ejemplares de esta especie pod\u00e9s sumarlo por medio del bot\u00f3n &#8220;Agregar \u00e1rbol&#8221; que vas a encontrar en <a href=\"https:\/\/arboladourbano.com\/\" data-type=\"link\" data-id=\"https:\/\/arboladourbano.com\/\" target=\"_blank\" rel=\"noreferrer noopener\">el mapa<\/a>.<\/p>\n\n\n\n<figure class=\"wp-block-image size-large\"><img loading=\"lazy\" decoding=\"async\" width=\"768\" height=\"1024\" src=\"https:\/\/arboladourbano.com\/notas\/wp-content\/uploads\/2024\/10\/739376f5-0f45-45ef-bb05-990462be65ff-768x1024.jpg\" alt=\"\" class=\"wp-image-670\" srcset=\"https:\/\/arboladourbano.com\/notas\/wp-content\/uploads\/2024\/10\/739376f5-0f45-45ef-bb05-990462be65ff-768x1024.jpg 768w, https:\/\/arboladourbano.com\/notas\/wp-content\/uploads\/2024\/10\/739376f5-0f45-45ef-bb05-990462be65ff-225x300.jpg 225w, https:\/\/arboladourbano.com\/notas\/wp-content\/uploads\/2024\/10\/739376f5-0f45-45ef-bb05-990462be65ff-1152x1536.jpg 1152w, https:\/\/arboladourbano.com\/notas\/wp-content\/uploads\/2024\/10\/739376f5-0f45-45ef-bb05-990462be65ff.jpg 1200w\" sizes=\"auto, (max-width: 768px) 100vw, 768px\" \/><figcaption class=\"wp-element-caption\">\u00c9ste es el \u00e1rbol que encontramos en el Bot\u00e1nico de la Facultad de Agronom\u00eda con su floraci\u00f3n blanca.<\/figcaption><\/figure>\n\n\n<ol class=\"wp-block-footnotes\"><li id=\"7896ebe3-ffb2-4373-8ab4-929e9ec3f37f\">Esta experiencia que vivimos qued\u00f3 registrada en un reel de Instagram que te comparto <a href=\"https:\/\/www.instagram.com\/reel\/Cqo6FOnPrFD\/?utm_source=ig_web_copy_link\" target=\"_blank\" rel=\"noreferrer noopener\">aqu\u00ed<\/a>. <a href=\"#7896ebe3-ffb2-4373-8ab4-929e9ec3f37f-link\" aria-label=\"Saltar a la referencia de la nota al pie 1\">\u21a9\ufe0e<\/a><\/li><\/ol>\n\n\n<p>Pod\u00e9s encontrar el texto original y completo para este y los otros <a href=\"https:\/\/valeriamicou.wordpress.com\/calendario-2023\/\" data-type=\"link\" data-id=\"https:\/\/valeriamicou.wordpress.com\/calendario-2023\/\" target=\"_blank\" rel=\"noreferrer noopener\">env\u00edos del newsletter en este enlace<\/a>.<\/p>\n","protected":false},"excerpt":{"rendered":"<p>Durante el a\u00f1o 2023, junto a mi colega y amiga Vale Micou, enviamos un newsletter mensual que ten\u00eda como eje un \u00e1rbol distinto en cada entrega. La especie de la que hablar\u00edamos cada mes ven\u00eda dada por los fabulosos calendarios dise\u00f1ados bajo el proyecto Silvestre Jard\u00edn. El siguiente es un fragmento adaptado de esos textos &#8230; <a title=\"Manzano del monte &#8211; Ruprechtia apetala\" class=\"read-more\" href=\"https:\/\/arboladourbano.com\/notas\/manzano-del-monte-ruprechtia-apetala\/\" aria-label=\"Leer m\u00e1s sobre Manzano del monte &#8211; Ruprechtia apetala\">Leer m\u00e1s<\/a><\/p>\n","protected":false},"author":1,"featured_media":658,"comment_status":"closed","ping_status":"open","sticky":false,"template":"","format":"standard","meta":{"footnotes":"[{\"content\":\"Esta experiencia que vivimos qued\u00f3 registrada en un reel de Instagram que te comparto <a href=\\\"https:\/\/www.instagram.com\/reel\/Cqo6FOnPrFD\/?utm_source=ig_web_copy_link\\\" target=\\\"_blank\\\" rel=\\\"noreferrer noopener\\\">aqu\u00ed<\/a>.\",\"id\":\"7896ebe3-ffb2-4373-8ab4-929e9ec3f37f\"}]"},"categories":[37],"tags":[38,43,40,41,49,44,39,48,42,45,46],"class_list":["post-656","post","type-post","status-publish","format-standard","has-post-thumbnail","hentry","category-especie","tag-arbol-nativo-de-argentina","tag-catamarca","tag-chaco-serrano","tag-cordoba","tag-jujuy","tag-la-rioja","tag-poligonaceae","tag-salta","tag-san-luis","tag-santiago-del-estero","tag-tucuman"],"_links":{"self":[{"href":"https:\/\/arboladourbano.com\/notas\/wp-json\/wp\/v2\/posts\/656","targetHints":{"allow":["GET"]}}],"collection":[{"href":"https:\/\/arboladourbano.com\/notas\/wp-json\/wp\/v2\/posts"}],"about":[{"href":"https:\/\/arboladourbano.com\/notas\/wp-json\/wp\/v2\/types\/post"}],"author":[{"embeddable":true,"href":"https:\/\/arboladourbano.com\/notas\/wp-json\/wp\/v2\/users\/1"}],"replies":[{"embeddable":true,"href":"https:\/\/arboladourbano.com\/notas\/wp-json\/wp\/v2\/comments?post=656"}],"version-history":[{"count":9,"href":"https:\/\/arboladourbano.com\/notas\/wp-json\/wp\/v2\/posts\/656\/revisions"}],"predecessor-version":[{"id":672,"href":"https:\/\/arboladourbano.com\/notas\/wp-json\/wp\/v2\/posts\/656\/revisions\/672"}],"wp:featuredmedia":[{"embeddable":true,"href":"https:\/\/arboladourbano.com\/notas\/wp-json\/wp\/v2\/media\/658"}],"wp:attachment":[{"href":"https:\/\/arboladourbano.com\/notas\/wp-json\/wp\/v2\/media?parent=656"}],"wp:term":[{"taxonomy":"category","embeddable":true,"href":"https:\/\/arboladourbano.com\/notas\/wp-json\/wp\/v2\/categories?post=656"},{"taxonomy":"post_tag","embeddable":true,"href":"https:\/\/arboladourbano.com\/notas\/wp-json\/wp\/v2\/tags?post=656"}],"curies":[{"name":"wp","href":"https:\/\/api.w.org\/{rel}","templated":true}]}}